{"id":318,"date":"2024-03-17T01:07:09","date_gmt":"2024-03-16T22:07:09","guid":{"rendered":"http:\/\/www.fetihkitabevi.com\/?p=318"},"modified":"2024-12-08T09:51:38","modified_gmt":"2024-12-08T06:51:38","slug":"ramazan-yardim-kampanyasi-2024","status":"publish","type":"post","link":"http:\/\/www.fetihkitabevi.com\/?p=318","title":{"rendered":"Ramazan Yard\u0131m Kampanyas\u0131 2024"},"content":{"rendered":"\n<p><strong>Fetih Kitabevi b\u00fcnyesinde d\u00fczenledi\u011fimiz Ramazan ay\u0131 boyunca devam edecek olan depremzede ve yard\u0131ma ihtiyac\u0131 olan aileler i\u00e7in Ramazan kolisi haz\u0131rl\u0131yoruz. Birinci elden ula\u015ft\u0131r\u0131laca\u011f\u0131 i\u00e7in g\u00f6n\u00fcl rahatl\u0131\u011f\u0131yla yard\u0131mlar\u0131n\u0131z\u0131 yapabilirsiniz.<\/strong><\/p>\n\n\n\n<p><strong>Bir koli fiyat\u0131 500 TL\u2019dir. Ayr\u0131ca g\u0131da yard\u0131mlar\u0131n\u0131 Fetih kitabevine getirebilirsiniz orada g\u0131dalar toplan\u0131p koli \u015fekline getirilecektir.<\/strong><\/p>\n\n\n\n<div class=\"wp-block-columns are-vertically-aligned-bottom is-layout-flex wp-container-core-columns-is-layout-9d6595d7 wp-block-columns-is-layout-flex\">\n<div class=\"wp-block-column is-vertically-aligned-bottom is-layout-flow wp-block-column-is-layout-flow\" style=\"flex-basis:100%\">\n<div class=\"wp-block-columns is-layout-flex wp-container-core-columns-is-layout-9d6595d7 wp-block-columns-is-layout-flex\">\n<div class=\"wp-block-column is-layout-flow wp-block-column-is-layout-flow\" style=\"flex-basis:100%\">\n<figure class=\"wp-block-image size-full is-style-default\"><a href=\"https:\/\/drive.google.com\/file\/d\/1cgGQErjNJWut4nKSlO5XkHByOCs24-O5\/view\"><img fetchpriority=\"high\" decoding=\"async\" width=\"589\" height=\"572\" src=\"http:\/\/www.fetihkitabevi.com\/wp-content\/uploads\/2024\/03\/image-1.png\" alt=\"\" class=\"wp-image-325\" srcset=\"http:\/\/www.fetihkitabevi.com\/wp-content\/uploads\/2024\/03\/image-1.png 589w, http:\/\/www.fetihkitabevi.com\/wp-content\/uploads\/2024\/03\/image-1-300x291.png 300w\" sizes=\"(max-width: 589px) 100vw, 589px\" \/><\/a><\/figure>\n<\/div>\n<\/div>\n<\/div>\n<\/div>\n","protected":false},"excerpt":{"rendered":"<p>Fetih Kitabevi b\u00fcnyesinde d\u00fczenledi\u011fimiz Ramazan ay\u0131 boyunca devam edecek olan depremzede ve yard\u0131ma ihtiyac\u0131 olan aileler i\u00e7in Ramazan kolisi haz\u0131rl\u0131yoruz. Birinci elden ula\u015ft\u0131r\u0131laca\u011f\u0131 i\u00e7in<\/p>\n","protected":false},"author":1,"featured_media":275,"comment_status":"open","ping_status":"open","sticky":false,"template":"","format":"standard","meta":{"footnotes":""},"categories":[8],"tags":[51,59,64],"class_list":["post-318","post","type-post","status-publish","format-standard","has-post-thumbnail","hentry","category-kampanya","tag-fetih-kitabevi","tag-ramazan","tag-yardim-kampanyasi"],"_links":{"self":[{"href":"http:\/\/www.fetihkitabevi.com\/index.php?rest_route=\/wp\/v2\/posts\/318","targetHints":{"allow":["GET"]}}],"collection":[{"href":"http:\/\/www.fetihkitabevi.com\/index.php?rest_route=\/wp\/v2\/posts"}],"about":[{"href":"http:\/\/www.fetihkitabevi.com\/index.php?rest_route=\/wp\/v2\/types\/post"}],"author":[{"embeddable":true,"href":"http:\/\/www.fetihkitabevi.com\/index.php?rest_route=\/wp\/v2\/users\/1"}],"replies":[{"embeddable":true,"href":"http:\/\/www.fetihkitabevi.com\/index.php?rest_route=%2Fwp%2Fv2%2Fcomments&post=318"}],"version-history":[{"count":5,"href":"http:\/\/www.fetihkitabevi.com\/index.php?rest_route=\/wp\/v2\/posts\/318\/revisions"}],"predecessor-version":[{"id":328,"href":"http:\/\/www.fetihkitabevi.com\/index.php?rest_route=\/wp\/v2\/posts\/318\/revisions\/328"}],"wp:featuredmedia":[{"embeddable":true,"href":"http:\/\/www.fetihkitabevi.com\/index.php?rest_route=\/wp\/v2\/media\/275"}],"wp:attachment":[{"href":"http:\/\/www.fetihkitabevi.com\/index.php?rest_route=%2Fwp%2Fv2%2Fmedia&parent=318"}],"wp:term":[{"taxonomy":"category","embeddable":true,"href":"http:\/\/www.fetihkitabevi.com\/index.php?rest_route=%2Fwp%2Fv2%2Fcategories&post=318"},{"taxonomy":"post_tag","embeddable":true,"href":"http:\/\/www.fetihkitabevi.com\/index.php?rest_route=%2Fwp%2Fv2%2Ftags&post=318"}],"curies":[{"name":"wp","href":"https:\/\/api.w.org\/{rel}","templated":true}]}}